{"id":23028,"date":"2024-03-22T11:41:20","date_gmt":"2024-03-22T10:41:20","guid":{"rendered":"http:\/\/jagodina.museum\/zmj-dobitnik-zahvalnice\/"},"modified":"2024-03-22T11:46:14","modified_gmt":"2024-03-22T10:46:14","slug":"zmj-dobitnik-zahvalnice","status":"publish","type":"post","link":"https:\/\/jagodina.museum\/en\/zmj-dobitnik-zahvalnice\/","title":{"rendered":"Regional Museum of Jagodina received a certificate of appreciation from the \u201eDays of comedy\u201c festival"},"content":{"rendered":"\t\t<div data-elementor-type=\"wp-post\" data-elementor-id=\"23028\" class=\"elementor elementor-23028 elementor-23017\" data-elementor-post-type=\"post\">\n\t\t\t\t\t\t<section class=\"elementor-section elementor-top-section elementor-element elementor-element-15733e11 elementor-section-boxed elementor-section-height-default elementor-section-height-default sc_fly_static\" data-id=\"15733e11\" data-element_type=\"section\" data-e-type=\"section\">\n\t\t\t\t\t\t<div class=\"elementor-container elementor-column-gap-extended\">\n\t\t\t\t\t<div class=\"elementor-column elementor-col-100 elementor-top-column elementor-element elementor-element-55a91738 sc_content_align_inherit sc_layouts_column_icons_position_left sc_fly_static\" data-id=\"55a91738\" data-element_type=\"column\" data-e-type=\"column\">\n\t\t\t<div class=\"elementor-widget-wrap elementor-element-populated\">\n\t\t\t\t\t\t<div class=\"elementor-element elementor-element-40671ae9 sc_fly_static elementor-widget elementor-widget-text-editor\" data-id=\"40671ae9\" data-element_type=\"widget\" data-e-type=\"widget\" data-widget_type=\"text-editor.default\">\n\t\t\t\t<div class=\"elementor-widget-container\">\n\t\t\t\t\t\t\t\t\t<p>On Wednesday, March 20, the 50<sup>th<\/sup> anniversary festival \u201eDays of comedy\u201c began. Before the official opening of the festival, in the foyer of the Cultural Center, charters and special certificates of appreciation were presented to institutions and individuals who provided help, support and contribution to the &#8221; Days of comedy &#8221; festival during half a century of its existence. The Regional Museum of Jagodina was among the recipients of certificates of appreciation.<\/p><p>The cooperation between the festival and our institution has been going on since the creation of this manifestation until today. Savo Vetni\u0107, the manager of the Museum since 1963, was in the Organizational Committee in the first years of its existence. He is the author of the first monograph and exhibition about the \u201eDays of comedy\u201c festival, and was also a member of the jury. Miodrag Aleksi\u0107, an ethnologist and at one time director of the Regional Museum, was the editor of the Festival Bulletin. Experts from the History Department of the Museum Zoran Markovi\u0107, Ljubica Zdravkovi\u0107, Dobrivoje Jovanovi\u0107 and Du\u0161ko Grbovi\u0107 realized several exhibitions that were accompanying events of the \u201eDays of comedy\u201c festival. This year, Du\u0161ko Grbovi\u0107, historian, museum adviser of the Regional Museum of Jagodina, was one of the authors of the exhibition \u201eFestival \u201eDays of comedy\u201c beginnings and duration (1969\u20131972\u20132023)\u201c, and our institution ceded the material during the preparation of the monograph \u201eHalf a century of struggle for laughter &#8211; Days of comedy, the first fifty years\u201c.<\/p>\t\t\t\t\t\t\t\t<\/div>\n\t\t\t\t<\/div>\n\t\t\t\t<div class=\"elementor-element elementor-element-9bc37e1 sc_height_small sc_fly_static elementor-widget elementor-widget-spacer\" data-id=\"9bc37e1\" data-element_type=\"widget\" data-e-type=\"widget\" data-widget_type=\"spacer.default\">\n\t\t\t\t<div class=\"elementor-widget-container\">\n\t\t\t\t\t\t\t<div class=\"elementor-spacer\">\n\t\t\t<div class=\"elementor-spacer-inner\"><\/div>\n\t\t<\/div>\n\t\t\t\t\t\t<\/div>\n\t\t\t\t<\/div>\n\t\t\t\t<div class=\"elementor-element elementor-element-3ce45a7 sc_fly_static elementor-widget elementor-widget-image\" data-id=\"3ce45a7\" data-element_type=\"widget\" data-e-type=\"widget\" data-widget_type=\"image.default\">\n\t\t\t\t<div class=\"elementor-widget-container\">\n\t\t\t\t\t\t\t\t\t\t\t\t\t\t\t<img fetchpriority=\"high\" decoding=\"async\" width=\"1024\" height=\"665\" src=\"https:\/\/jagodina.museum\/wp-content\/uploads\/2024\/03\/01-1.jpg\" class=\"attachment-large size-large wp-image-23020\" alt=\"\" \/>\t\t\t\t\t\t\t\t\t\t\t\t\t\t\t<\/div>\n\t\t\t\t<\/div>\n\t\t\t\t\t<\/div>\n\t\t<\/div>\n\t\t\t\t\t<\/div>\n\t\t<\/section>\n\t\t\t\t<\/div>\n\t\t","protected":false},"excerpt":{"rendered":"<p>On Wednesday, March 20, the 50th anniversary festival \u201eDays of comedy\u201c began. Before the official opening of the festival, in the foyer of the Cultural Center, charters and special certificates of appreciation were presented to institutions and individuals who provided help, support and contribution to&hellip;<\/p>\n","protected":false},"author":3,"featured_media":23024,"comment_status":"closed","ping_status":"open","sticky":false,"template":"","format":"standard","meta":{"footnotes":""},"categories":[24],"tags":[282],"class_list":["post-23028","post","type-post","status-publish","format-standard","has-post-thumbnail","hentry","category-blog","tag-jasmina-trajkov-en"],"_links":{"self":[{"href":"https:\/\/jagodina.museum\/en\/wp-json\/wp\/v2\/posts\/23028","targetHints":{"allow":["GET"]}}],"collection":[{"href":"https:\/\/jagodina.museum\/en\/wp-json\/wp\/v2\/posts"}],"about":[{"href":"https:\/\/jagodina.museum\/en\/wp-json\/wp\/v2\/types\/post"}],"author":[{"embeddable":true,"href":"https:\/\/jagodina.museum\/en\/wp-json\/wp\/v2\/users\/3"}],"replies":[{"embeddable":true,"href":"https:\/\/jagodina.museum\/en\/wp-json\/wp\/v2\/comments?post=23028"}],"version-history":[{"count":0,"href":"https:\/\/jagodina.museum\/en\/wp-json\/wp\/v2\/posts\/23028\/revisions"}],"wp:featuredmedia":[{"embeddable":true,"href":"https:\/\/jagodina.museum\/en\/wp-json\/wp\/v2\/media\/23024"}],"wp:attachment":[{"href":"https:\/\/jagodina.museum\/en\/wp-json\/wp\/v2\/media?parent=23028"}],"wp:term":[{"taxonomy":"category","embeddable":true,"href":"https:\/\/jagodina.museum\/en\/wp-json\/wp\/v2\/categories?post=23028"},{"taxonomy":"post_tag","embeddable":true,"href":"https:\/\/jagodina.museum\/en\/wp-json\/wp\/v2\/tags?post=23028"}],"curies":[{"name":"wp","href":"https:\/\/api.w.org\/{rel}","templated":true}]}}