{"id":23041,"date":"2024-03-22T12:36:55","date_gmt":"2024-03-22T11:36:55","guid":{"rendered":"http:\/\/jagodina.museum\/dani-komedije-izlozba\/"},"modified":"2024-03-22T12:40:25","modified_gmt":"2024-03-22T11:40:25","slug":"dani-komedije-izlozba","status":"publish","type":"post","link":"https:\/\/jagodina.museum\/en\/dani-komedije-izlozba\/","title":{"rendered":"Regional Museum of Jagodina participates in the supporting program of the \u201eDays of Comedy\u201c festival"},"content":{"rendered":"\t\t<div data-elementor-type=\"wp-post\" data-elementor-id=\"23041\" class=\"elementor elementor-23041 elementor-23036\" data-elementor-post-type=\"post\">\n\t\t\t\t\t\t<section class=\"elementor-section elementor-top-section elementor-element elementor-element-15733e11 elementor-section-boxed elementor-section-height-default elementor-section-height-default sc_fly_static\" data-id=\"15733e11\" data-element_type=\"section\" data-e-type=\"section\">\n\t\t\t\t\t\t<div class=\"elementor-container elementor-column-gap-extended\">\n\t\t\t\t\t<div class=\"elementor-column elementor-col-100 elementor-top-column elementor-element elementor-element-55a91738 sc_content_align_inherit sc_layouts_column_icons_position_left sc_fly_static\" data-id=\"55a91738\" data-element_type=\"column\" data-e-type=\"column\">\n\t\t\t<div class=\"elementor-widget-wrap elementor-element-populated\">\n\t\t\t\t\t\t<div class=\"elementor-element elementor-element-dbc3091 sc_fly_static elementor-widget elementor-widget-text-editor\" data-id=\"dbc3091\" data-element_type=\"widget\" data-e-type=\"widget\" data-widget_type=\"text-editor.default\">\n\t\t\t\t<div class=\"elementor-widget-container\">\n\t\t\t\t\t\t\t\t\t<p>By: <a href=\"https:\/\/jagodina.museum\/en\/team\/dusko-grbovic\/\" target=\"_blank\" rel=\"noopener\">Du\u0161ko Grbovi\u0107<\/a>, museum advisor, <a href=\"https:\/\/jagodina.museum\/en\/team\/jasmina-trajkov\/\" target=\"_blank\" rel=\"noopener\">Jasmina Trajkov<\/a>, museum advisor<\/p>\t\t\t\t\t\t\t\t<\/div>\n\t\t\t\t<\/div>\n\t\t\t\t<div class=\"elementor-element elementor-element-db75e6e sc_height_small sc_fly_static elementor-widget elementor-widget-spacer\" data-id=\"db75e6e\" data-element_type=\"widget\" data-e-type=\"widget\" data-widget_type=\"spacer.default\">\n\t\t\t\t<div class=\"elementor-widget-container\">\n\t\t\t\t\t\t\t<div class=\"elementor-spacer\">\n\t\t\t<div class=\"elementor-spacer-inner\"><\/div>\n\t\t<\/div>\n\t\t\t\t\t\t<\/div>\n\t\t\t\t<\/div>\n\t\t\t\t<div class=\"elementor-element elementor-element-40671ae9 sc_fly_static elementor-widget elementor-widget-text-editor\" data-id=\"40671ae9\" data-element_type=\"widget\" data-e-type=\"widget\" data-widget_type=\"text-editor.default\">\n\t\t\t\t<div class=\"elementor-widget-container\">\n\t\t\t\t\t\t\t\t\t<p>On the occasion of the 50<sup>th<\/sup> festival \u201eDays of Comedy\u201c in the Foyer of the Culture Center in Jagodina, the exhibition \u201eFestival \u201eDays of Comedy\u201c \u2013 beginnings and duration (1969\u20131972\u2013-2023)\u201c was organized. The exhibition was created in cooperation between the Regional Museum of Jagodina and the Cultural Center &#8220;Svetozar Markovi\u0107&#8221; Jagodina, and the authors are Du\u0161ko Grbovi\u0107, historian, museum advisor (Regional Museum of Jagodina) and Marija Vuli\u0107, art program editor (Cultural Center &#8220;Svetozar Markovi\u0107&#8221; Jagodina). Du\u0161ko Grbovi\u0107 is also the author of the text in the accompanying catalog, and the visual identity of the exhibition was designed by Marija Vuli\u0107.<\/p><p>The exhibition shows the history of the festival, looking back at the very beginnings of theater life in Jagodina, and therefore covers the period from 1832 to 2023. Posters, photographs, documents, various propaganda materials, tickets, newspapers, diplomas are presented on 56 exhibition boards, and the original models of the statuettes \u201eJovan\u010da Mici\u0107\u201c and \u201eTurkey\u201c, the statuette \u201eJoakim Vuji\u0107\u201c, badges, pins, drawings of fine artist \u017dikica Jovanovi\u0107 and various publications are also exhibited. Most of the materials come from the Regional Museum of Jagodina, while the materials of the Jagodina Cultural Center and the Museum of Theater Arts of Serbia from Belgrade are represented to a lesser extent.<\/p><p>The extensive documentation about the \u201eDays of Comedy\u201c festival, which is kept in the Regional Museum of Jagodina, was handed over for the purposes of creating the monograph \u201eHalf a century of struggle for laughter \u2013 \u201eDays of Comedy\u201d, the first fifty years\u201c authored by Aleksandar Milosavljevi\u0107.<\/p><p>The exhibition \u201eFestival \u201eDays of Comedy\u201c \u2013 beginnings and duration (1969\u20131972\u2013-2023)\u201c will be open until April 20, 2024.<\/p>\t\t\t\t\t\t\t\t<\/div>\n\t\t\t\t<\/div>\n\t\t\t\t<div class=\"elementor-element elementor-element-9bc37e1 sc_height_small sc_fly_static elementor-widget elementor-widget-spacer\" data-id=\"9bc37e1\" data-element_type=\"widget\" data-e-type=\"widget\" data-widget_type=\"spacer.default\">\n\t\t\t\t<div class=\"elementor-widget-container\">\n\t\t\t\t\t\t\t<div class=\"elementor-spacer\">\n\t\t\t<div class=\"elementor-spacer-inner\"><\/div>\n\t\t<\/div>\n\t\t\t\t\t\t<\/div>\n\t\t\t\t<\/div>\n\t\t\t\t\t<\/div>\n\t\t<\/div>\n\t\t\t\t\t<\/div>\n\t\t<\/section>\n\t\t\t\t<\/div>\n\t\t","protected":false},"excerpt":{"rendered":"<p>By: Du\u0161ko Grbovi\u0107, museum advisor, Jasmina Trajkov, museum advisor On the occasion of the 50th festival \u201eDays of Comedy\u201c in the Foyer of the Culture Center in Jagodina, the exhibition \u201eFestival \u201eDays of Comedy\u201c \u2013 beginnings and duration (1969\u20131972\u2013-2023)\u201c was organized. The exhibition was created&hellip;<\/p>\n","protected":false},"author":3,"featured_media":23035,"comment_status":"closed","ping_status":"open","sticky":false,"template":"","format":"standard","meta":{"footnotes":""},"categories":[24],"tags":[337,282],"class_list":["post-23041","post","type-post","status-publish","format-standard","has-post-thumbnail","hentry","category-blog","tag-dusko-grbovic-en","tag-jasmina-trajkov-en"],"_links":{"self":[{"href":"https:\/\/jagodina.museum\/en\/wp-json\/wp\/v2\/posts\/23041","targetHints":{"allow":["GET"]}}],"collection":[{"href":"https:\/\/jagodina.museum\/en\/wp-json\/wp\/v2\/posts"}],"about":[{"href":"https:\/\/jagodina.museum\/en\/wp-json\/wp\/v2\/types\/post"}],"author":[{"embeddable":true,"href":"https:\/\/jagodina.museum\/en\/wp-json\/wp\/v2\/users\/3"}],"replies":[{"embeddable":true,"href":"https:\/\/jagodina.museum\/en\/wp-json\/wp\/v2\/comments?post=23041"}],"version-history":[{"count":0,"href":"https:\/\/jagodina.museum\/en\/wp-json\/wp\/v2\/posts\/23041\/revisions"}],"wp:featuredmedia":[{"embeddable":true,"href":"https:\/\/jagodina.museum\/en\/wp-json\/wp\/v2\/media\/23035"}],"wp:attachment":[{"href":"https:\/\/jagodina.museum\/en\/wp-json\/wp\/v2\/media?parent=23041"}],"wp:term":[{"taxonomy":"category","embeddable":true,"href":"https:\/\/jagodina.museum\/en\/wp-json\/wp\/v2\/categories?post=23041"},{"taxonomy":"post_tag","embeddable":true,"href":"https:\/\/jagodina.museum\/en\/wp-json\/wp\/v2\/tags?post=23041"}],"curies":[{"name":"wp","href":"https:\/\/api.w.org\/{rel}","templated":true}]}}