{"id":23225,"date":"2024-06-26T10:44:59","date_gmt":"2024-06-26T08:44:59","guid":{"rendered":"https:\/\/jagodina.museum\/vidovdansko-vece-2024\/"},"modified":"2024-06-26T10:47:53","modified_gmt":"2024-06-26T08:47:53","slug":"vidovdansko-vece-2024","status":"publish","type":"post","link":"https:\/\/jagodina.museum\/en\/vidovdansko-vece-2024\/","title":{"rendered":"Vidovdan evening in the Regional Museum"},"content":{"rendered":"\t\t<div data-elementor-type=\"wp-post\" data-elementor-id=\"23225\" class=\"elementor elementor-23225 elementor-23218\" data-elementor-post-type=\"post\">\n\t\t\t\t\t\t<section class=\"elementor-section elementor-top-section elementor-element elementor-element-15733e11 elementor-section-boxed elementor-section-height-default elementor-section-height-default sc_fly_static\" data-id=\"15733e11\" data-element_type=\"section\" data-e-type=\"section\">\n\t\t\t\t\t\t<div class=\"elementor-container elementor-column-gap-extended\">\n\t\t\t\t\t<div class=\"elementor-column elementor-col-100 elementor-top-column elementor-element elementor-element-55a91738 sc_content_align_inherit sc_layouts_column_icons_position_left sc_fly_static\" data-id=\"55a91738\" data-element_type=\"column\" data-e-type=\"column\">\n\t\t\t<div class=\"elementor-widget-wrap elementor-element-populated\">\n\t\t\t\t\t\t<div class=\"elementor-element elementor-element-40671ae9 sc_fly_static elementor-widget elementor-widget-text-editor\" data-id=\"40671ae9\" data-element_type=\"widget\" data-e-type=\"widget\" data-widget_type=\"text-editor.default\">\n\t\t\t\t<div class=\"elementor-widget-container\">\n\t\t\t\t\t\t\t\t\t<p>On the occasion\u00a0of the great Serbian religious and\u00a0national holiday Vidovdan, the Regional Museum of Jagodina will organize a Vidovdan evening on Thursday, June 27, 2024, starting at 7 p.m. The ceremony will be enhanced by the choir of the Church of the Holy Apostles Peter and Paul in Jagodina, and the spirit of the Middle Ages will be revived by special guests, the &#8220;Black Bear&#8221; Knight&#8217;s troupe.<\/p><p>The curators of the Regional Museum, Smiljana Dodi\u0107, archaeologist, museum advisor, and Du\u0161ko Grbovi\u0107, historian, museum advisor, will introduce visitors to medieval Jagodna and cultural heritage from this period, which the Regional Museum preserves in its collections.<\/p><p>Welcome to the Regional Museum.<\/p>\t\t\t\t\t\t\t\t<\/div>\n\t\t\t\t<\/div>\n\t\t\t\t<div class=\"elementor-element elementor-element-9bc37e1 sc_height_small sc_fly_static elementor-widget elementor-widget-spacer\" data-id=\"9bc37e1\" data-element_type=\"widget\" data-e-type=\"widget\" data-widget_type=\"spacer.default\">\n\t\t\t\t<div class=\"elementor-widget-container\">\n\t\t\t\t\t\t\t<div class=\"elementor-spacer\">\n\t\t\t<div class=\"elementor-spacer-inner\"><\/div>\n\t\t<\/div>\n\t\t\t\t\t\t<\/div>\n\t\t\t\t<\/div>\n\t\t\t\t\t<\/div>\n\t\t<\/div>\n\t\t\t\t\t<\/div>\n\t\t<\/section>\n\t\t\t\t<\/div>\n\t\t","protected":false},"excerpt":{"rendered":"<p>On the occasion\u00a0of the great Serbian religious and\u00a0national holiday Vidovdan, the Regional Museum of Jagodina will organize a Vidovdan evening on Thursday, June 27, 2024, starting at 7 p.m. The ceremony will be enhanced by the choir of the Church of the Holy Apostles Peter&hellip;<\/p>\n","protected":false},"author":3,"featured_media":23221,"comment_status":"closed","ping_status":"open","sticky":false,"template":"","format":"standard","meta":{"footnotes":""},"categories":[474],"tags":[282],"class_list":["post-23225","post","type-post","status-publish","format-standard","has-post-thumbnail","hentry","category-events","tag-jasmina-trajkov-en"],"_links":{"self":[{"href":"https:\/\/jagodina.museum\/en\/wp-json\/wp\/v2\/posts\/23225","targetHints":{"allow":["GET"]}}],"collection":[{"href":"https:\/\/jagodina.museum\/en\/wp-json\/wp\/v2\/posts"}],"about":[{"href":"https:\/\/jagodina.museum\/en\/wp-json\/wp\/v2\/types\/post"}],"author":[{"embeddable":true,"href":"https:\/\/jagodina.museum\/en\/wp-json\/wp\/v2\/users\/3"}],"replies":[{"embeddable":true,"href":"https:\/\/jagodina.museum\/en\/wp-json\/wp\/v2\/comments?post=23225"}],"version-history":[{"count":0,"href":"https:\/\/jagodina.museum\/en\/wp-json\/wp\/v2\/posts\/23225\/revisions"}],"wp:featuredmedia":[{"embeddable":true,"href":"https:\/\/jagodina.museum\/en\/wp-json\/wp\/v2\/media\/23221"}],"wp:attachment":[{"href":"https:\/\/jagodina.museum\/en\/wp-json\/wp\/v2\/media?parent=23225"}],"wp:term":[{"taxonomy":"category","embeddable":true,"href":"https:\/\/jagodina.museum\/en\/wp-json\/wp\/v2\/categories?post=23225"},{"taxonomy":"post_tag","embeddable":true,"href":"https:\/\/jagodina.museum\/en\/wp-json\/wp\/v2\/tags?post=23225"}],"curies":[{"name":"wp","href":"https:\/\/api.w.org\/{rel}","templated":true}]}}