{"id":24347,"date":"2024-10-10T09:02:07","date_gmt":"2024-10-10T07:02:07","guid":{"rendered":"https:\/\/jagodina.museum\/dusan-dodic-tr\/"},"modified":"2024-10-10T09:05:45","modified_gmt":"2024-10-10T07:05:45","slug":"dusan-dodic-tr","status":"publish","type":"post","link":"https:\/\/jagodina.museum\/en\/dusan-dodic-tr\/","title":{"rendered":"Visiting the exhibition about Du\u0161an Dodi\u0107 in Trstenik"},"content":{"rendered":"\t\t<div data-elementor-type=\"wp-post\" data-elementor-id=\"24347\" class=\"elementor elementor-24347 elementor-24342\" data-elementor-post-type=\"post\">\n\t\t\t\t\t\t<section class=\"elementor-section elementor-top-section elementor-element elementor-element-15733e11 elementor-section-boxed elementor-section-height-default elementor-section-height-default sc_fly_static\" data-id=\"15733e11\" data-element_type=\"section\" data-e-type=\"section\">\n\t\t\t\t\t\t<div class=\"elementor-container elementor-column-gap-extended\">\n\t\t\t\t\t<div class=\"elementor-column elementor-col-100 elementor-top-column elementor-element elementor-element-55a91738 sc_content_align_inherit sc_layouts_column_icons_position_left sc_fly_static\" data-id=\"55a91738\" data-element_type=\"column\" data-e-type=\"column\">\n\t\t\t<div class=\"elementor-widget-wrap elementor-element-populated\">\n\t\t\t\t\t\t<div class=\"elementor-element elementor-element-aefe4fe sc_fly_static elementor-widget elementor-widget-text-editor\" data-id=\"aefe4fe\" data-element_type=\"widget\" data-e-type=\"widget\" data-widget_type=\"text-editor.default\">\n\t\t\t\t<div class=\"elementor-widget-container\">\n\t\t\t\t\t\t\t\t\t<p>By:\u00a0<a href=\"https:\/\/jagodina.museum\/en\/team\/dusko-grbovic\/\" target=\"_blank\" rel=\"noopener\">Du\u0161ko Grbovi\u0107<\/a>, museum advisor<\/p>\t\t\t\t\t\t\t\t<\/div>\n\t\t\t\t<\/div>\n\t\t\t\t<div class=\"elementor-element elementor-element-033737c sc_height_small sc_fly_static elementor-widget elementor-widget-spacer\" data-id=\"033737c\" data-element_type=\"widget\" data-e-type=\"widget\" data-widget_type=\"spacer.default\">\n\t\t\t\t<div class=\"elementor-widget-container\">\n\t\t\t\t\t\t\t<div class=\"elementor-spacer\">\n\t\t\t<div class=\"elementor-spacer-inner\"><\/div>\n\t\t<\/div>\n\t\t\t\t\t\t<\/div>\n\t\t\t\t<\/div>\n\t\t\t\t<div class=\"elementor-element elementor-element-40671ae9 sc_fly_static elementor-widget elementor-widget-text-editor\" data-id=\"40671ae9\" data-element_type=\"widget\" data-e-type=\"widget\" data-widget_type=\"text-editor.default\">\n\t\t\t\t<div class=\"elementor-widget-container\">\n\t\t\t\t\t\t\t\t\t<p>The exhibition &#8220;General Du\u0161an Dodi\u0107 &#8211; hero of the Great War&#8221; came to Trstenik again on its way. This time, it would be part of the celebration of the Day of the National University of Trstenik, which includes the museum collection, and it will also mark the liberation of Trstenik in the First and Second World Wars.<\/p><p>The exhibition was officially opened in the Art Salon of the National University of Trstenik on October 5, 2024. The directors of both institutions, Du\u0161an Markovi\u0107, acting director of Regional Museum Jagodina, and Danilo Vukovi\u0107, director of the National University of Trstenik, addressed the audience first. Both emphasized the importance of inter-institutional cooperation. After that, the authors of the exhibition addressed the present audience, and the opening ended with poems by the poetess Danica Dodi\u0107.<\/p><p>The exhibition &#8220;General Du\u0161an Dodi\u0107 \u2013 the hero of the Great War&#8221; and the book &#8220;Du\u0161an Dodi\u0107, War Diary 1918\u20131919&#8221; were realized as part of the project &#8220;The Century of the Great War 1918\u20132018&#8221; which was jointly realized by the Regional Museum of Jagodina and the National University of Trstenik, with the financial support of the Ministry culture of the Republic of Serbia. The authors of the exhibition and editors of the book are Du\u0161ko Grbovi\u0107, historian, museum advisor (Regional Museum of Jagodina) and Jelena Vuk\u010devi\u0107, historian, curator (Trstenik National University Museum). The idea to realize the project was born in 2014 during the hosting of the exhibition of the Regional Museum of Jagodina &#8220;Jagodina and its surroundings in the Serbian-Turkish wars 1876\u20131878&#8221; in Trstenik. Du\u0161an Dodi\u0107 was born in the village of Milutovac in 1883, and at the time of his birth it was located in the territory of the Jagodina district, which later became part of the municipality of Trstenik. His war diary, which was published as part of the mentioned project, is preserved in the Regional Museum of Jagodina.<\/p><p>The opening of the exhibition in Trstenik was the twenty-first presentation of the exhibition and book about Du\u0161an Dodi\u0107, so the authors of the exhibition decided that the exhibition will symbolically last until October 21, 2024.<\/p>\t\t\t\t\t\t\t\t<\/div>\n\t\t\t\t<\/div>\n\t\t\t\t<div class=\"elementor-element elementor-element-aad15ee sc_height_small sc_fly_static elementor-widget elementor-widget-spacer\" data-id=\"aad15ee\" data-element_type=\"widget\" data-e-type=\"widget\" data-widget_type=\"spacer.default\">\n\t\t\t\t<div class=\"elementor-widget-container\">\n\t\t\t\t\t\t\t<div class=\"elementor-spacer\">\n\t\t\t<div class=\"elementor-spacer-inner\"><\/div>\n\t\t<\/div>\n\t\t\t\t\t\t<\/div>\n\t\t\t\t<\/div>\n\t\t\t\t<div class=\"elementor-element elementor-element-007ee03 sc_fly_static elementor-widget elementor-widget-gallery\" data-id=\"007ee03\" data-element_type=\"widget\" data-e-type=\"widget\" data-settings=\"{&quot;columns&quot;:&quot;2&quot;,&quot;gallery_layout&quot;:&quot;masonry&quot;,&quot;lazyload&quot;:&quot;yes&quot;,&quot;columns_tablet&quot;:2,&quot;columns_mobile&quot;:1,&quot;gap&quot;:{&quot;unit&quot;:&quot;px&quot;,&quot;size&quot;:10,&quot;sizes&quot;:[]},&quot;gap_tablet&quot;:{&quot;unit&quot;:&quot;px&quot;,&quot;size&quot;:10,&quot;sizes&quot;:[]},&quot;gap_mobile&quot;:{&quot;unit&quot;:&quot;px&quot;,&quot;size&quot;:10,&quot;sizes&quot;:[]},&quot;link_to&quot;:&quot;file&quot;,&quot;overlay_background&quot;:&quot;yes&quot;,&quot;content_hover_animation&quot;:&quot;fade-in&quot;}\" data-widget_type=\"gallery.default\">\n\t\t\t\t<div class=\"elementor-widget-container\">\n\t\t\t\t\t\t\t<div class=\"elementor-gallery__container\">\n\t\t\t\t\t\t\t<a class=\"e-gallery-item elementor-gallery-item elementor-animated-content\" href=\"https:\/\/jagodina.museum\/wp-content\/uploads\/2024\/10\/001.jpg\" data-elementor-open-lightbox=\"yes\" data-elementor-lightbox-slideshow=\"007ee03\" data-elementor-lightbox-title=\"001\" data-e-action-hash=\"#elementor-action%3Aaction%3Dlightbox%26settings%3DeyJpZCI6MjQzMzEsInVybCI6Imh0dHBzOlwvXC9qYWdvZGluYS5tdXNldW1cL3dwLWNvbnRlbnRcL3VwbG9hZHNcLzIwMjRcLzEwXC8wMDEuanBnIiwic2xpZGVzaG93IjoiMDA3ZWUwMyJ9\">\n\t\t\t\t\t<div class=\"e-gallery-image elementor-gallery-item__image\" data-thumbnail=\"https:\/\/jagodina.museum\/wp-content\/uploads\/2024\/10\/001-768x1024.jpg\" data-width=\"768\" data-height=\"1024\" aria-label=\"\" role=\"img\" ><\/div>\n\t\t\t\t\t\t\t\t\t\t\t<div class=\"elementor-gallery-item__overlay\"><\/div>\n\t\t\t\t\t\t\t\t\t\t\t\t\t\t<\/a>\n\t\t\t\t\t\t\t<a class=\"e-gallery-item elementor-gallery-item elementor-animated-content\" href=\"https:\/\/jagodina.museum\/wp-content\/uploads\/2024\/10\/002.jpg\" data-elementor-open-lightbox=\"yes\" data-elementor-lightbox-slideshow=\"007ee03\" data-elementor-lightbox-title=\"002\" data-e-action-hash=\"#elementor-action%3Aaction%3Dlightbox%26settings%3DeyJpZCI6MjQzMzMsInVybCI6Imh0dHBzOlwvXC9qYWdvZGluYS5tdXNldW1cL3dwLWNvbnRlbnRcL3VwbG9hZHNcLzIwMjRcLzEwXC8wMDIuanBnIiwic2xpZGVzaG93IjoiMDA3ZWUwMyJ9\">\n\t\t\t\t\t<div class=\"e-gallery-image elementor-gallery-item__image\" data-thumbnail=\"https:\/\/jagodina.museum\/wp-content\/uploads\/2024\/10\/002-768x1024.jpg\" data-width=\"768\" data-height=\"1024\" aria-label=\"\" role=\"img\" ><\/div>\n\t\t\t\t\t\t\t\t\t\t\t<div class=\"elementor-gallery-item__overlay\"><\/div>\n\t\t\t\t\t\t\t\t\t\t\t\t\t\t<\/a>\n\t\t\t\t\t\t\t<a class=\"e-gallery-item elementor-gallery-item elementor-animated-content\" href=\"https:\/\/jagodina.museum\/wp-content\/uploads\/2024\/10\/003.jpg\" data-elementor-open-lightbox=\"yes\" data-elementor-lightbox-slideshow=\"007ee03\" data-elementor-lightbox-title=\"003\" data-e-action-hash=\"#elementor-action%3Aaction%3Dlightbox%26settings%3DeyJpZCI6MjQzMzUsInVybCI6Imh0dHBzOlwvXC9qYWdvZGluYS5tdXNldW1cL3dwLWNvbnRlbnRcL3VwbG9hZHNcLzIwMjRcLzEwXC8wMDMuanBnIiwic2xpZGVzaG93IjoiMDA3ZWUwMyJ9\">\n\t\t\t\t\t<div class=\"e-gallery-image elementor-gallery-item__image\" data-thumbnail=\"https:\/\/jagodina.museum\/wp-content\/uploads\/2024\/10\/003-1024x768.jpg\" data-width=\"1024\" data-height=\"768\" aria-label=\"\" role=\"img\" ><\/div>\n\t\t\t\t\t\t\t\t\t\t\t<div class=\"elementor-gallery-item__overlay\"><\/div>\n\t\t\t\t\t\t\t\t\t\t\t\t\t\t<\/a>\n\t\t\t\t\t\t\t<a class=\"e-gallery-item elementor-gallery-item elementor-animated-content\" href=\"https:\/\/jagodina.museum\/wp-content\/uploads\/2024\/10\/004.jpg\" data-elementor-open-lightbox=\"yes\" data-elementor-lightbox-slideshow=\"007ee03\" data-elementor-lightbox-title=\"004\" data-e-action-hash=\"#elementor-action%3Aaction%3Dlightbox%26settings%3DeyJpZCI6MjQzMzcsInVybCI6Imh0dHBzOlwvXC9qYWdvZGluYS5tdXNldW1cL3dwLWNvbnRlbnRcL3VwbG9hZHNcLzIwMjRcLzEwXC8wMDQuanBnIiwic2xpZGVzaG93IjoiMDA3ZWUwMyJ9\">\n\t\t\t\t\t<div class=\"e-gallery-image elementor-gallery-item__image\" data-thumbnail=\"https:\/\/jagodina.museum\/wp-content\/uploads\/2024\/10\/004-1024x768.jpg\" data-width=\"1024\" data-height=\"768\" aria-label=\"\" role=\"img\" ><\/div>\n\t\t\t\t\t\t\t\t\t\t\t<div class=\"elementor-gallery-item__overlay\"><\/div>\n\t\t\t\t\t\t\t\t\t\t\t\t\t\t<\/a>\n\t\t\t\t\t\t\t<a class=\"e-gallery-item elementor-gallery-item elementor-animated-content\" href=\"https:\/\/jagodina.museum\/wp-content\/uploads\/2024\/10\/005.jpg\" data-elementor-open-lightbox=\"yes\" data-elementor-lightbox-slideshow=\"007ee03\" data-elementor-lightbox-title=\"005\" data-e-action-hash=\"#elementor-action%3Aaction%3Dlightbox%26settings%3DeyJpZCI6MjQzMzksInVybCI6Imh0dHBzOlwvXC9qYWdvZGluYS5tdXNldW1cL3dwLWNvbnRlbnRcL3VwbG9hZHNcLzIwMjRcLzEwXC8wMDUuanBnIiwic2xpZGVzaG93IjoiMDA3ZWUwMyJ9\">\n\t\t\t\t\t<div class=\"e-gallery-image elementor-gallery-item__image\" data-thumbnail=\"https:\/\/jagodina.museum\/wp-content\/uploads\/2024\/10\/005-768x1024.jpg\" data-width=\"768\" data-height=\"1024\" aria-label=\"\" role=\"img\" ><\/div>\n\t\t\t\t\t\t\t\t\t\t\t<div class=\"elementor-gallery-item__overlay\"><\/div>\n\t\t\t\t\t\t\t\t\t\t\t\t\t\t<\/a>\n\t\t\t\t\t<\/div>\n\t\t\t\t\t<\/div>\n\t\t\t\t<\/div>\n\t\t\t\t\t<\/div>\n\t\t<\/div>\n\t\t\t\t\t<\/div>\n\t\t<\/section>\n\t\t\t\t<\/div>\n\t\t","protected":false},"excerpt":{"rendered":"<p>By:\u00a0Du\u0161ko Grbovi\u0107, museum advisor The exhibition &#8220;General Du\u0161an Dodi\u0107 &#8211; hero of the Great War&#8221; came to Trstenik again on its way. This time, it would be part of the celebration of the Day of the National University of Trstenik, which includes the museum collection,&hellip;<\/p>\n","protected":false},"author":3,"featured_media":24341,"comment_status":"closed","ping_status":"open","sticky":false,"template":"","format":"standard","meta":{"footnotes":""},"categories":[24,37,22],"tags":[337],"class_list":["post-24347","post","type-post","status-publish","format-standard","has-post-thumbnail","hentry","category-blog","category-history","category-news","tag-dusko-grbovic-en"],"_links":{"self":[{"href":"https:\/\/jagodina.museum\/en\/wp-json\/wp\/v2\/posts\/24347","targetHints":{"allow":["GET"]}}],"collection":[{"href":"https:\/\/jagodina.museum\/en\/wp-json\/wp\/v2\/posts"}],"about":[{"href":"https:\/\/jagodina.museum\/en\/wp-json\/wp\/v2\/types\/post"}],"author":[{"embeddable":true,"href":"https:\/\/jagodina.museum\/en\/wp-json\/wp\/v2\/users\/3"}],"replies":[{"embeddable":true,"href":"https:\/\/jagodina.museum\/en\/wp-json\/wp\/v2\/comments?post=24347"}],"version-history":[{"count":5,"href":"https:\/\/jagodina.museum\/en\/wp-json\/wp\/v2\/posts\/24347\/revisions"}],"predecessor-version":[{"id":24352,"href":"https:\/\/jagodina.museum\/en\/wp-json\/wp\/v2\/posts\/24347\/revisions\/24352"}],"wp:featuredmedia":[{"embeddable":true,"href":"https:\/\/jagodina.museum\/en\/wp-json\/wp\/v2\/media\/24341"}],"wp:attachment":[{"href":"https:\/\/jagodina.museum\/en\/wp-json\/wp\/v2\/media?parent=24347"}],"wp:term":[{"taxonomy":"category","embeddable":true,"href":"https:\/\/jagodina.museum\/en\/wp-json\/wp\/v2\/categories?post=24347"},{"taxonomy":"post_tag","embeddable":true,"href":"https:\/\/jagodina.museum\/en\/wp-json\/wp\/v2\/tags?post=24347"}],"curies":[{"name":"wp","href":"https:\/\/api.w.org\/{rel}","templated":true}]}}