{"id":26830,"date":"2025-06-02T13:15:03","date_gmt":"2025-06-02T11:15:03","guid":{"rendered":"https:\/\/jagodina.museum\/dodic-pariz-2025\/"},"modified":"2025-06-02T13:19:33","modified_gmt":"2025-06-02T11:19:33","slug":"dodic-pariz-2025","status":"publish","type":"post","link":"https:\/\/jagodina.museum\/en\/dodic-pariz-2025\/","title":{"rendered":"Presentation of the exhibition and book about Du\u0161an Dodi\u0107 in Paris"},"content":{"rendered":"\t\t<div data-elementor-type=\"wp-post\" data-elementor-id=\"26830\" class=\"elementor elementor-26830 elementor-26825\" data-elementor-post-type=\"post\">\n\t\t\t\t\t\t<section class=\"elementor-section elementor-top-section elementor-element elementor-element-15733e11 elementor-section-boxed elementor-section-height-default elementor-section-height-default sc_fly_static\" data-id=\"15733e11\" data-element_type=\"section\" data-e-type=\"section\">\n\t\t\t\t\t\t<div class=\"elementor-container elementor-column-gap-extended\">\n\t\t\t\t\t<div class=\"elementor-column elementor-col-100 elementor-top-column elementor-element elementor-element-55a91738 sc_content_align_inherit sc_layouts_column_icons_position_left sc_fly_static\" data-id=\"55a91738\" data-element_type=\"column\" data-e-type=\"column\">\n\t\t\t<div class=\"elementor-widget-wrap elementor-element-populated\">\n\t\t\t\t\t\t<div class=\"elementor-element elementor-element-aefe4fe sc_fly_static elementor-widget elementor-widget-text-editor\" data-id=\"aefe4fe\" data-element_type=\"widget\" data-e-type=\"widget\" data-widget_type=\"text-editor.default\">\n\t\t\t\t<div class=\"elementor-widget-container\">\n\t\t\t\t\t\t\t\t\t<p>By:\u00a0<a href=\"https:\/\/jagodina.museum\/en\/team\/dusko-grbovic\/\" target=\"_blank\" rel=\"noopener\">Du\u0161ko Grbovi\u0107<\/a>, museum advisor<\/p>\t\t\t\t\t\t\t\t<\/div>\n\t\t\t\t<\/div>\n\t\t\t\t<div class=\"elementor-element elementor-element-033737c sc_height_small sc_fly_static elementor-widget elementor-widget-spacer\" data-id=\"033737c\" data-element_type=\"widget\" data-e-type=\"widget\" data-widget_type=\"spacer.default\">\n\t\t\t\t<div class=\"elementor-widget-container\">\n\t\t\t\t\t\t\t<div class=\"elementor-spacer\">\n\t\t\t<div class=\"elementor-spacer-inner\"><\/div>\n\t\t<\/div>\n\t\t\t\t\t\t<\/div>\n\t\t\t\t<\/div>\n\t\t\t\t<div class=\"elementor-element elementor-element-40671ae9 sc_fly_static elementor-widget elementor-widget-text-editor\" data-id=\"40671ae9\" data-element_type=\"widget\" data-e-type=\"widget\" data-widget_type=\"text-editor.default\">\n\t\t\t\t<div class=\"elementor-widget-container\">\n\t\t\t\t\t\t\t\t\t<p>On May 24, 2025, the presentation of the exhibition \u201cGeneral Du\u0161an Dodi\u0107 &#8211; Hero of the Great War\u201d and the promotion of the book \u201cDu\u0161an Dodi\u0107, War Diary 1918\u20131919\u201d, Jagodina-Trstenik 2018, were held in the Ceremonial Hall of the Temple of Saint Sava in Paris. The exhibition and book were realized in 2018 as part of the project \u201cA Century of the Great War 1918\u20132018\u201d, and were jointly realised by the Regional Museum of Jagodina and the Museum-People&#8217;s University of Trstenik. Financial support for the realization was provided by the then Ministry of Culture and Information of the Republic of Serbia and the People&#8217;s University of Trstenik. The visit to Paris was the twenty-second presentation of the exhibition and book, and after Timisoara 2023, the second abroad, and was organized at the invitation of the association &#8220;Art et la vie&#8221; from Paris, represented by the poet Danica Dodi\u0107, a native of the village of Milutovac, where Du\u0161an Dodi\u0107 is also from. The exhibition display consisted of twelve selected panels.<\/p><p>First, the head of the Temple, Archpriest Nikola \u0160krbi\u0107 addressed the audience. Then, Vesna Filipovi\u0107 Nikoli\u0107, Minister Counselor, Deputy Ambassador of the Republic of Serbia to France, spoke. She showed special interest in the exhibition and expressed a desire for cooperation. The exhibition, the book and the character of General Du\u0161an Dodi\u0107 were discussed by the exhibition authors and the editors of the war diary, Du\u0161ko Grbovi\u0107, historian, museum advisor (Regional Museum of Jagodina) and Jelena Vuk\u010devi\u0107, Phd, historian, curator (Trstenik Museum-People&#8217;s University). The accompanying program included performances by: Aleksandar Ra\u0161kovi\u0107, students of the Supplementary School at the Ministry of Education, who were cared for by teacher Milija Jevremovi\u0107, students of the &#8220;Sveti Sava&#8221; school and Katica Pavli\u010devi\u0107, a teacher at the aforementioned school and the moderator was Danica Dodi\u0107. The audience expressed particular interest in both the exhibition and the book.<\/p><p>The following day, May 25, 2025, the event participants visited military plot in the Cimeti\u00e8re Parisien de Thiais contains the graves of 743 Serbian soldiers who perished during the First World War and on that occasion, a tribute was paid to the buried soldiers.<\/p><p>The significance of this visit to Paris is multifaceted. First of all, it is a city of famous museums and the headquarters of the International Council of Museums, and also a place where memories of members of the Serbian Army, participants in the Great War, are preserved.<\/p>\t\t\t\t\t\t\t\t<\/div>\n\t\t\t\t<\/div>\n\t\t\t\t<div class=\"elementor-element elementor-element-aad15ee sc_height_small sc_fly_static elementor-widget elementor-widget-spacer\" data-id=\"aad15ee\" data-element_type=\"widget\" data-e-type=\"widget\" data-widget_type=\"spacer.default\">\n\t\t\t\t<div class=\"elementor-widget-container\">\n\t\t\t\t\t\t\t<div class=\"elementor-spacer\">\n\t\t\t<div class=\"elementor-spacer-inner\"><\/div>\n\t\t<\/div>\n\t\t\t\t\t\t<\/div>\n\t\t\t\t<\/div>\n\t\t\t\t<div class=\"elementor-element elementor-element-007ee03 sc_fly_static elementor-widget elementor-widget-gallery\" data-id=\"007ee03\" data-element_type=\"widget\" data-e-type=\"widget\" data-settings=\"{&quot;columns&quot;:&quot;2&quot;,&quot;gallery_layout&quot;:&quot;masonry&quot;,&quot;lazyload&quot;:&quot;yes&quot;,&quot;columns_tablet&quot;:2,&quot;columns_mobile&quot;:1,&quot;gap&quot;:{&quot;unit&quot;:&quot;px&quot;,&quot;size&quot;:10,&quot;sizes&quot;:[]},&quot;gap_tablet&quot;:{&quot;unit&quot;:&quot;px&quot;,&quot;size&quot;:10,&quot;sizes&quot;:[]},&quot;gap_mobile&quot;:{&quot;unit&quot;:&quot;px&quot;,&quot;size&quot;:10,&quot;sizes&quot;:[]},&quot;link_to&quot;:&quot;file&quot;,&quot;overlay_background&quot;:&quot;yes&quot;,&quot;content_hover_animation&quot;:&quot;fade-in&quot;}\" data-widget_type=\"gallery.default\">\n\t\t\t\t<div class=\"elementor-widget-container\">\n\t\t\t\t\t\t\t<div class=\"elementor-gallery__container\">\n\t\t\t\t\t\t\t<a class=\"e-gallery-item elementor-gallery-item elementor-animated-content\" href=\"https:\/\/jagodina.museum\/wp-content\/uploads\/2025\/06\/1.jpg\" data-elementor-open-lightbox=\"yes\" data-elementor-lightbox-slideshow=\"007ee03\" data-elementor-lightbox-title=\"1\" data-e-action-hash=\"#elementor-action%3Aaction%3Dlightbox%26settings%3DeyJpZCI6MjY4MTIsInVybCI6Imh0dHBzOlwvXC9qYWdvZGluYS5tdXNldW1cL3dwLWNvbnRlbnRcL3VwbG9hZHNcLzIwMjVcLzA2XC8xLmpwZyIsInNsaWRlc2hvdyI6IjAwN2VlMDMifQ%3D%3D\">\n\t\t\t\t\t<div class=\"e-gallery-image elementor-gallery-item__image\" data-thumbnail=\"https:\/\/jagodina.museum\/wp-content\/uploads\/2025\/06\/1-1024x544.jpg\" data-width=\"1024\" data-height=\"544\" aria-label=\"\" role=\"img\" ><\/div>\n\t\t\t\t\t\t\t\t\t\t\t<div class=\"elementor-gallery-item__overlay\"><\/div>\n\t\t\t\t\t\t\t\t\t\t\t\t\t\t<\/a>\n\t\t\t\t\t\t\t<a class=\"e-gallery-item elementor-gallery-item elementor-animated-content\" href=\"https:\/\/jagodina.museum\/wp-content\/uploads\/2025\/06\/2.jpg\" data-elementor-open-lightbox=\"yes\" data-elementor-lightbox-slideshow=\"007ee03\" data-elementor-lightbox-title=\"2\" data-e-action-hash=\"#elementor-action%3Aaction%3Dlightbox%26settings%3DeyJpZCI6MjY4MTQsInVybCI6Imh0dHBzOlwvXC9qYWdvZGluYS5tdXNldW1cL3dwLWNvbnRlbnRcL3VwbG9hZHNcLzIwMjVcLzA2XC8yLmpwZyIsInNsaWRlc2hvdyI6IjAwN2VlMDMifQ%3D%3D\">\n\t\t\t\t\t<div class=\"e-gallery-image elementor-gallery-item__image\" data-thumbnail=\"https:\/\/jagodina.museum\/wp-content\/uploads\/2025\/06\/2-1024x615.jpg\" data-width=\"1024\" data-height=\"615\" aria-label=\"\" role=\"img\" ><\/div>\n\t\t\t\t\t\t\t\t\t\t\t<div class=\"elementor-gallery-item__overlay\"><\/div>\n\t\t\t\t\t\t\t\t\t\t\t\t\t\t<\/a>\n\t\t\t\t\t\t\t<a class=\"e-gallery-item elementor-gallery-item elementor-animated-content\" href=\"https:\/\/jagodina.museum\/wp-content\/uploads\/2025\/06\/3.jpg\" data-elementor-open-lightbox=\"yes\" data-elementor-lightbox-slideshow=\"007ee03\" data-elementor-lightbox-title=\"3\" data-e-action-hash=\"#elementor-action%3Aaction%3Dlightbox%26settings%3DeyJpZCI6MjY4MTYsInVybCI6Imh0dHBzOlwvXC9qYWdvZGluYS5tdXNldW1cL3dwLWNvbnRlbnRcL3VwbG9hZHNcLzIwMjVcLzA2XC8zLmpwZyIsInNsaWRlc2hvdyI6IjAwN2VlMDMifQ%3D%3D\">\n\t\t\t\t\t<div class=\"e-gallery-image elementor-gallery-item__image\" data-thumbnail=\"https:\/\/jagodina.museum\/wp-content\/uploads\/2025\/06\/3-1024x683.jpg\" data-width=\"1024\" data-height=\"683\" aria-label=\"\" role=\"img\" ><\/div>\n\t\t\t\t\t\t\t\t\t\t\t<div class=\"elementor-gallery-item__overlay\"><\/div>\n\t\t\t\t\t\t\t\t\t\t\t\t\t\t<\/a>\n\t\t\t\t\t\t\t<a class=\"e-gallery-item elementor-gallery-item elementor-animated-content\" href=\"https:\/\/jagodina.museum\/wp-content\/uploads\/2025\/06\/4.jpg\" data-elementor-open-lightbox=\"yes\" data-elementor-lightbox-slideshow=\"007ee03\" data-elementor-lightbox-title=\"4\" data-e-action-hash=\"#elementor-action%3Aaction%3Dlightbox%26settings%3DeyJpZCI6MjY4MTgsInVybCI6Imh0dHBzOlwvXC9qYWdvZGluYS5tdXNldW1cL3dwLWNvbnRlbnRcL3VwbG9hZHNcLzIwMjVcLzA2XC80LmpwZyIsInNsaWRlc2hvdyI6IjAwN2VlMDMifQ%3D%3D\">\n\t\t\t\t\t<div class=\"e-gallery-image elementor-gallery-item__image\" data-thumbnail=\"https:\/\/jagodina.museum\/wp-content\/uploads\/2025\/06\/4-1024x768.jpg\" data-width=\"1024\" data-height=\"768\" aria-label=\"\" role=\"img\" ><\/div>\n\t\t\t\t\t\t\t\t\t\t\t<div class=\"elementor-gallery-item__overlay\"><\/div>\n\t\t\t\t\t\t\t\t\t\t\t\t\t\t<\/a>\n\t\t\t\t\t\t\t<a class=\"e-gallery-item elementor-gallery-item elementor-animated-content\" href=\"https:\/\/jagodina.museum\/wp-content\/uploads\/2025\/06\/5.jpg\" data-elementor-open-lightbox=\"yes\" data-elementor-lightbox-slideshow=\"007ee03\" data-elementor-lightbox-title=\"0x0008\" data-e-action-hash=\"#elementor-action%3Aaction%3Dlightbox%26settings%3DeyJpZCI6MjY4MjAsInVybCI6Imh0dHBzOlwvXC9qYWdvZGluYS5tdXNldW1cL3dwLWNvbnRlbnRcL3VwbG9hZHNcLzIwMjVcLzA2XC81LmpwZyIsInNsaWRlc2hvdyI6IjAwN2VlMDMifQ%3D%3D\">\n\t\t\t\t\t<div class=\"e-gallery-image elementor-gallery-item__image\" data-thumbnail=\"https:\/\/jagodina.museum\/wp-content\/uploads\/2025\/06\/5-1024x576.jpg\" data-width=\"1024\" data-height=\"576\" aria-label=\"\" role=\"img\" ><\/div>\n\t\t\t\t\t\t\t\t\t\t\t<div class=\"elementor-gallery-item__overlay\"><\/div>\n\t\t\t\t\t\t\t\t\t\t\t\t\t\t<\/a>\n\t\t\t\t\t\t\t<a class=\"e-gallery-item elementor-gallery-item elementor-animated-content\" href=\"https:\/\/jagodina.museum\/wp-content\/uploads\/2025\/06\/6.jpg\" data-elementor-open-lightbox=\"yes\" data-elementor-lightbox-slideshow=\"007ee03\" data-elementor-lightbox-title=\"6\" data-e-action-hash=\"#elementor-action%3Aaction%3Dlightbox%26settings%3DeyJpZCI6MjY4MjIsInVybCI6Imh0dHBzOlwvXC9qYWdvZGluYS5tdXNldW1cL3dwLWNvbnRlbnRcL3VwbG9hZHNcLzIwMjVcLzA2XC82LmpwZyIsInNsaWRlc2hvdyI6IjAwN2VlMDMifQ%3D%3D\">\n\t\t\t\t\t<div class=\"e-gallery-image elementor-gallery-item__image\" data-thumbnail=\"https:\/\/jagodina.museum\/wp-content\/uploads\/2025\/06\/6-1024x771.jpg\" data-width=\"1024\" data-height=\"771\" aria-label=\"\" role=\"img\" ><\/div>\n\t\t\t\t\t\t\t\t\t\t\t<div class=\"elementor-gallery-item__overlay\"><\/div>\n\t\t\t\t\t\t\t\t\t\t\t\t\t\t<\/a>\n\t\t\t\t\t<\/div>\n\t\t\t\t\t<\/div>\n\t\t\t\t<\/div>\n\t\t\t\t\t<\/div>\n\t\t<\/div>\n\t\t\t\t\t<\/div>\n\t\t<\/section>\n\t\t\t\t<\/div>\n\t\t","protected":false},"excerpt":{"rendered":"<p>By:\u00a0Du\u0161ko Grbovi\u0107, museum advisor On May 24, 2025, the presentation of the exhibition \u201cGeneral Du\u0161an Dodi\u0107 &#8211; Hero of the Great War\u201d and the promotion of the book \u201cDu\u0161an Dodi\u0107, War Diary 1918\u20131919\u201d, Jagodina-Trstenik 2018, were held in the Ceremonial Hall of the Temple of&hellip;<\/p>\n","protected":false},"author":3,"featured_media":26824,"comment_status":"closed","ping_status":"open","sticky":false,"template":"","format":"standard","meta":{"footnotes":""},"categories":[24,299,37],"tags":[337],"class_list":["post-26830","post","type-post","status-publish","format-standard","has-post-thumbnail","hentry","category-blog","category-education","category-history","tag-dusko-grbovic-en"],"_links":{"self":[{"href":"https:\/\/jagodina.museum\/en\/wp-json\/wp\/v2\/posts\/26830","targetHints":{"allow":["GET"]}}],"collection":[{"href":"https:\/\/jagodina.museum\/en\/wp-json\/wp\/v2\/posts"}],"about":[{"href":"https:\/\/jagodina.museum\/en\/wp-json\/wp\/v2\/types\/post"}],"author":[{"embeddable":true,"href":"https:\/\/jagodina.museum\/en\/wp-json\/wp\/v2\/users\/3"}],"replies":[{"embeddable":true,"href":"https:\/\/jagodina.museum\/en\/wp-json\/wp\/v2\/comments?post=26830"}],"version-history":[{"count":5,"href":"https:\/\/jagodina.museum\/en\/wp-json\/wp\/v2\/posts\/26830\/revisions"}],"predecessor-version":[{"id":26835,"href":"https:\/\/jagodina.museum\/en\/wp-json\/wp\/v2\/posts\/26830\/revisions\/26835"}],"wp:featuredmedia":[{"embeddable":true,"href":"https:\/\/jagodina.museum\/en\/wp-json\/wp\/v2\/media\/26824"}],"wp:attachment":[{"href":"https:\/\/jagodina.museum\/en\/wp-json\/wp\/v2\/media?parent=26830"}],"wp:term":[{"taxonomy":"category","embeddable":true,"href":"https:\/\/jagodina.museum\/en\/wp-json\/wp\/v2\/categories?post=26830"},{"taxonomy":"post_tag","embeddable":true,"href":"https:\/\/jagodina.museum\/en\/wp-json\/wp\/v2\/tags?post=26830"}],"curies":[{"name":"wp","href":"https:\/\/api.w.org\/{rel}","templated":true}]}}